{"id":15818,"date":"2026-09-02T16:31:46","date_gmt":"2026-09-02T22:31:46","guid":{"rendered":"https:\/\/revistasietediasmty.com\/?p=15818"},"modified":"2026-09-02T16:31:46","modified_gmt":"2026-09-02T22:31:46","slug":"fomentan-a-pymes-ayudar-a-superar-desafios","status":"publish","type":"post","link":"https:\/\/revistasietediasmty.com\/?p=15818","title":{"rendered":"Fomentan a Pymes ayudar a superar desafios"},"content":{"rendered":"\n<p class=\"wp-block-paragraph\"><strong>Por Alfonso Guti\u00e9rrez<\/strong><\/p>\n\n\n\n<p class=\"wp-block-paragraph\">PyMEs enfrentan diariamente el reto de encontrar nuevos clientes, mejorar sus procesos, incorporar<br>tecnolog\u00eda, acceder a financiamiento y mantenerse competitivas en un entorno de constantes cambios.<br>En rueda de prensa Juan Pablo Garc\u00eda Garza se\u00f1al\u00f3 que ante estos desaf\u00edos, del 08 al 10 de septiembre Expo PyME 2026 concentrar\u00e1 en un mismo espacio<br>herramientas, conocimiento y oportunidades de capacitaci\u00f3n, vinculaci\u00f3n y financiamiento, as\u00ed como acceso a nuevas soluciones para fortalecer sus negocios, mejorar su operaci\u00f3n y elevar su competitividad.<br>Se trata de la edici\u00f3n m\u00e1s grande en la historia del evento que este a\u00f1o crecer\u00e1 20% en superficie, al<br>pasar de 8,116 a 9,757 metros cuadrados, m\u00e1s de 165 stands de expositores y una meta de recibir m\u00e1s<br>de 15,000 visitantes. Las actividades preparadas en la Expo permitir\u00e1n a empresarios, emprendedores y<br>sus colaboradores acceder a conferencias, paneles, exposici\u00f3n y oportunidades de negocio; todo de<br>manera gratuita.<br>M\u00e1s de 100 horas de Formaci\u00f3n Empresarial<br>La agenda de capacitaci\u00f3n contempla m\u00e1s de 80 conferencias y paneles, organizados en cinco ejes:<br>inteligencia artificial y digitalizaci\u00f3n; ventas y plataformas digitales; crecimiento empresarial y motivaci\u00f3n;<br>econom\u00eda y negocios; as\u00ed como finanzas y financiamiento.<br>Dijo que la inteligencia artificial ser\u00e1 uno de los temas centrales, con 15 conferencias enfocadas en c\u00f3mo las PyMEs pueden aprovechar esta tecnolog\u00eda para transformar procesos, mejorar su productividad y<br>enfrentar sus riesgos. La conferencia inaugural estar\u00e1 a cargo de Engel Fonseca, con el tema \u201cEl futuro no<br>espera: las PyMEs en la era de la inteligencia artificial\u201d.<br>Menciona que, m\u00e1s ventas a trav\u00e9s de plataformas digitales.<br>Indica que tambi\u00e9n se abordar\u00e1n herramientas para fortalecer las ventas mediante plataformas digitales.<br>Menciona que, lo anterior cobra especial relevancia ya que actualmente, solo 5.5% de las PyMEs industriales cuenta con una<br>plataforma validada de comercio electr\u00f3nico, mientras que 40% tiene una estrategia digital al menos en una etapa inicial, lo que representa un amplio campo de oportunidad para las empresas.<br>Agrega que pocas veces se tiene la oportunidad de reunir, en un mismo espacio, a algunos de los principales l\u00edderes<br>empresariales de M\u00e9xico.<br>Menciona que, Expo PyME 2026 hace posible este encuentro excepcional, al congregar capitanes de empresa como Jos\u00e9 Antonio Fern\u00e1ndez Carbajal, Presidente de FEMSA; Daniel Servitje,<br>Presidente de Grupo BIMBO; Enrique Zambrano, Presidente Em\u00e9rito de PROEZA; Federico Toussaint,<br>Presidente del Consejo de Administraci\u00f3n y Director General de LAMOSA y Jorge Santos Reyna,<br>Presidente de CAINTRA; quienes compartir\u00e1n su experiencia y visi\u00f3n sobre liderazgo, crecimiento<br>empresarial y el entorno econ\u00f3mico. Tenerlos a todos juntos en un mismo escenario es, por s\u00ed mismo, una<br>oportunidad que dif\u00edcilmente se encuentra en otro evento.<br>Informaci\u00f3n para tomar mejores decisiones<br>El entorno econ\u00f3mico y empresarial ser\u00e1 otro de los ejes de la agenda, con la participaci\u00f3n de especialistas<br>que analizar\u00e1n los retos actuales de M\u00e9xico y las condiciones que enfrentan las empresas.<br>Se\u00f1ala que, Entre ellos se encuentran Enrique Quintana y Javier Tello, quienes participar\u00e1n en un panel sobre<br>crecimiento econ\u00f3mico y retos estructurales del pa\u00eds, as\u00ed como Gabriela Siller, de Banco BASE, quien aportar\u00e1 informaci\u00f3n sobre las principales tendencias econ\u00f3micas y su impacto en las empresas.<br>En materia financiera, Expo PyME contar\u00e1 por primera vez con la presencia de 11 instituciones bancarias:<br>Banamex, Afirme, Banregio, Hey Banco, American Express, Scotiabank, Banco Ve Por M\u00e1s, Banorte,<br>Banco BASE, BBVA y BanBaj\u00edo. A esta oferta se sumar\u00e1 NAFIN-Bancomext, brindando a las PyMEs la<br>posibilidad de conocer y comparar alternativas de financiamiento.<br>Indica que, a la capacitaci\u00f3n se sumar\u00e1 el Encuentro de Negocios m\u00e1s grande del pa\u00eds, que reunir\u00e1 a m\u00e1s de 100<br>empresas compradoras, cerca de 300 ejecutivos de compra y m\u00e1s de 1,500 requerimientos de productos<br>y servicios, con capacidad para generar hasta 3,000 citas efectivas de negocio.<br>Agrega que, este a\u00f1o se sumar\u00e1n<br>empresas de otras entidades del pa\u00eds y de Estados Unidos, abriendo para las PyMEs nuevas oportunidades<br>de negocio en sectores como industria, log\u00edstica, construcci\u00f3n, tecnolog\u00eda, materias primas, maquinaria y<br>herramientas.<br>En Expo PyME 2026, las peque\u00f1as y medianas empresas podr\u00e1n en un mismo lugar, vender, comprar,<br>capacitarse, acceder a financiamiento y conocer herramientas para fortalecer su operaci\u00f3n, todo de<br>manera gratuita.<br>El registro est\u00e1 abierto para participar del 8 al 10 de septiembre en CINTERMEX, a trav\u00e9s<br>de <a href=\"http:\/\/www.expopymemonterrey.com.mx\">www.expopymemonterrey.com.mx<\/a>.<br>Con Expo PyME, CAINTRA refrenda su compromiso de acercar a las peque\u00f1as y medianas empresas<br>herramientas y oportunidades concretas para crecer, fortalecer su competitividad y abrir nuevas puertas<br>de negocio.<\/p>\n","protected":false},"excerpt":{"rendered":"<p>Por Alfonso Guti\u00e9rrez PyMEs enfrentan diariamente el reto de encontrar nuevos clientes, mejorar sus procesos, incorporartecnolog\u00eda, acceder a financiamiento y mantenerse competitivas en un entorno de constantes cambios.En rueda de prensa Juan Pablo Garc\u00eda Garza se\u00f1al\u00f3 que ante estos desaf\u00edos, del 08 al 10 de septiembre Expo PyME 2026 concentrar\u00e1 en un mismo espacioherramientas, conocimiento [&hellip;]<\/p>\n","protected":false},"author":1,"featured_media":15819,"comment_status":"open","ping_status":"open","sticky":true,"template":"","format":"standard","meta":{"footnotes":""},"categories":[12,11,16,9,8],"tags":[],"class_list":["post-15818","post","type-post","status-publish","format-standard","has-post-thumbnail","hentry","category-empresa","category-importante","category-local","category-nuevo-leon","category-relevante"],"_links":{"self":[{"href":"https:\/\/revistasietediasmty.com\/index.php?rest_route=\/wp\/v2\/posts\/15818","targetHints":{"allow":["GET"]}}],"collection":[{"href":"https:\/\/revistasietediasmty.com\/index.php?rest_route=\/wp\/v2\/posts"}],"about":[{"href":"https:\/\/revistasietediasmty.com\/index.php?rest_route=\/wp\/v2\/types\/post"}],"author":[{"embeddable":true,"href":"https:\/\/revistasietediasmty.com\/index.php?rest_route=\/wp\/v2\/users\/1"}],"replies":[{"embeddable":true,"href":"https:\/\/revistasietediasmty.com\/index.php?rest_route=%2Fwp%2Fv2%2Fcomments&post=15818"}],"version-history":[{"count":1,"href":"https:\/\/revistasietediasmty.com\/index.php?rest_route=\/wp\/v2\/posts\/15818\/revisions"}],"predecessor-version":[{"id":15820,"href":"https:\/\/revistasietediasmty.com\/index.php?rest_route=\/wp\/v2\/posts\/15818\/revisions\/15820"}],"wp:featuredmedia":[{"embeddable":true,"href":"https:\/\/revistasietediasmty.com\/index.php?rest_route=\/wp\/v2\/media\/15819"}],"wp:attachment":[{"href":"https:\/\/revistasietediasmty.com\/index.php?rest_route=%2Fwp%2Fv2%2Fmedia&parent=15818"}],"wp:term":[{"taxonomy":"category","embeddable":true,"href":"https:\/\/revistasietediasmty.com\/index.php?rest_route=%2Fwp%2Fv2%2Fcategories&post=15818"},{"taxonomy":"post_tag","embeddable":true,"href":"https:\/\/revistasietediasmty.com\/index.php?rest_route=%2Fwp%2Fv2%2Ftags&post=15818"}],"curies":[{"name":"wp","href":"https:\/\/api.w.org\/{rel}","templated":true}]}}