{"id":15811,"date":"2026-09-02T15:29:30","date_gmt":"2026-09-02T21:29:30","guid":{"rendered":"https:\/\/revistasietediasmty.com\/?p=15811"},"modified":"2026-09-02T15:29:30","modified_gmt":"2026-09-02T21:29:30","slug":"kavak-anuncia-su-expansion-al-sureste-de-mexico-en-alianza-con-hertz-mexico","status":"publish","type":"post","link":"https:\/\/revistasietediasmty.com\/?p=15811","title":{"rendered":"Kavak anuncia su expansi\u00f3n al sureste de M\u00e9xico,\u00a0en alianza con Hertz M\u00e9xico"},"content":{"rendered":"\n<p class=\"wp-block-paragraph\">\u25cf&nbsp;&nbsp;&nbsp;&nbsp;&nbsp;&nbsp;<em>La empresa iniciar\u00e1 operaciones en M\u00e9rida y Canc\u00fan durante septiembre a trav\u00e9s de una alianza con Hertz M\u00e9xico y su divisi\u00f3n de seminuevos, CarShop, y ampliar\u00e1 a nueve estados su oferta en el pa\u00eds.<\/em><em><\/em><\/p>\n\n\n\n<p class=\"wp-block-paragraph\">\u25cf&nbsp;&nbsp;&nbsp;&nbsp;&nbsp;&nbsp;<em>La colaboraci\u00f3n contempla la apertura de tres espacios comerciales bajo un esquema de co-branding, que integrar\u00e1n la experiencia e infraestructura de Hertz M\u00e9xico con las capacidades tecnol\u00f3gicas, comerciales y financieras de Kavak.<\/em><em><\/em><\/p>\n\n\n\n<p class=\"wp-block-paragraph\">\u25cf&nbsp;&nbsp;&nbsp;&nbsp;&nbsp;&nbsp;<em>El parque vehicular conjunto de Yucat\u00e1n y Quintana Roo creci\u00f3 10.8% entre 2023 y 2025, reflejo del dinamismo y el potencial de crecimiento de ambos mercados.<\/em><\/p>\n\n\n\n<p class=\"wp-block-paragraph\"> Kavak, la plataforma digital l\u00edder en la compra, venta, financiamiento y servicio de autos seminuevos en Latinoam\u00e9rica y mercados emergentes anunci\u00f3 su entrada a Yucat\u00e1n y Quintana Roo\u00a0a trav\u00e9s de una alianza con Hertz M\u00e9xico y su divisi\u00f3n de seminuevos, CarShop.\u00a0El inicio de operaciones en M\u00e9rida y Canc\u00fan permitir\u00e1 a Kavak ampliar su presencia a nueve estados y entrar por primera vez al sureste del pa\u00eds, marcando una nueva etapa de expansi\u00f3n en M\u00e9xico.<\/p>\n\n\n\n<p class=\"wp-block-paragraph\">Desde su fundaci\u00f3n en 2016, Kavak ha desarrollado una plataforma que integra la compra, venta, financiamiento y servicio de autos seminuevos en una sola experiencia. Su llegada al sureste marca una diversificaci\u00f3n de su modelo de negocios, con esquemas de operaci\u00f3n m\u00e1s flexibles que permitir\u00e1n seguir facilitando el acceso a veh\u00edculos confiables, alternativas de financiamiento y servicios posventa.<\/p>\n\n\n\n<p class=\"wp-block-paragraph\">Con m\u00e1s de 1.32 millones de autom\u00f3viles en Yucat\u00e1n y Quintana Roo y un crecimiento de 10.8% en su parque vehicular conjunto entre 2023 y 2025, ambos estados se posicionan como mercados estrat\u00e9gicos para la movilidad, el financiamiento y los servicios posventa en el sureste, de acuerdo con datos del INEGI.<\/p>\n\n\n\n<p class=\"wp-block-paragraph\"><strong>Una alianza para atender el creciente mercado local<\/strong><\/p>\n\n\n\n<p class=\"wp-block-paragraph\">La llegada de Kavak al sureste se realizar\u00e1 en alianza con CarShop, la divisi\u00f3n de autos seminuevos de Hertz M\u00e9xico. Durante septiembre, las empresas inaugurar\u00e1n bajo un esquema de&nbsp;<em>co-branding&nbsp;<\/em>tres espacios comerciales, dos en M\u00e9rida y uno en Canc\u00fan.<\/p>\n\n\n\n<p class=\"wp-block-paragraph\">El modelo integrar\u00e1 el inventario y la experiencia de ambas empresas en la comercializaci\u00f3n de veh\u00edculos seminuevos, con las capacidades tecnol\u00f3gicas, comerciales y financieras de Kavak, as\u00ed como la infraestructura y presencia local de Hertz M\u00e9xico. En estos espacios, los clientes podr\u00e1n comprar o vender un autom\u00f3vil, acceder a alternativas de financiamiento y contar con servicios de inspecci\u00f3n, garant\u00eda y atenci\u00f3n posventa.<\/p>\n\n\n\n<p class=\"wp-block-paragraph\">\u201cEsta colaboraci\u00f3n marca un paso relevante en la evoluci\u00f3n de Kavak en M\u00e9xico. Estamos construyendo una estrategia de crecimiento m\u00e1s personalizada, capaz de responder mejor a la forma en la que las personas compran, venden y financian autos en cada mercado. El sureste es una regi\u00f3n con un gran dinamismo y una demanda creciente de soluciones automotrices confiables por lo que es precisamente el tipo de mercado donde Kavak tiene m\u00e1s que ofrecer\u201d, dijo Sa\u00fal Crespo Laborem, vicepresidente de Asuntos Corporativos de Kavak.<\/p>\n\n\n\n<p class=\"wp-block-paragraph\">\u201cLa experiencia de Hertz M\u00e9xico en la gesti\u00f3n y renovaci\u00f3n de flotas nos permite aportar veh\u00edculos seminuevos con respaldo y un historial de mantenimiento. Al sumar esta fortaleza a las capacidades tecnol\u00f3gicas y financieras de Kavak, ampliamos las alternativas disponibles para quienes buscan adquirir un autom\u00f3vil en M\u00e9rida y Canc\u00fan\u201d, se\u00f1al\u00f3 Marco Andueza, CEO de Carshop y Hertz M\u00e9xico.<br><br><strong>Un modelo de expansi\u00f3n adaptado a cada mercado<\/strong><\/p>\n\n\n\n<p class=\"wp-block-paragraph\">Las aperturas de M\u00e9rida y Canc\u00fan inauguran un formato que complementar\u00e1 la red existente de Kavak mediante operaciones adaptadas a cada mercado y alianzas que permitan ampliar el inventario y la presencia f\u00edsica de su plataforma.<\/p>\n\n\n\n<p class=\"wp-block-paragraph\"><br>La entrada a Yucat\u00e1n y Quintana Roo ocurre en un momento de crecimiento sostenido del mercado automotriz regional. Entre enero y mayo de 2026, las ventas de veh\u00edculos crecieron 4.5% en Yucat\u00e1n con respecto al mismo periodo de 2025, mientras que en Quintana Roo incrementaron 13.9%, de acuerdo con datos de la Asociaci\u00f3n Mexicana de Distribuidores de Automotores (AMDA).<\/p>\n\n\n\n<p class=\"wp-block-paragraph\"><br>A partir de los resultados de esta primera etapa, Kavak y Hertz M\u00e9xico evaluar\u00e1n la posibilidad de extender el modelo a m\u00e1s puntos. En paralelo, Kavak continuar\u00e1 sumando ciudades y formatos comerciales para acercar su experiencia de compra, venta y financiamiento a m\u00e1s personas en el pa\u00eds.<\/p>\n\n\n\n<p class=\"wp-block-paragraph\">\u201cEsta primera etapa de nuestro plan de expansi\u00f3n nos va a permitir probar diferentes adaptaciones de nuestro modelo de negocio a mercados locales con caracter\u00edsticas muy diferentes. Sin duda, todos estos aprendizajes nos van a permitir estar pronto en m\u00e1s ciudades de todo el pa\u00eds\u201d, afirm\u00f3 Sa\u00fal Crespo Laborem.<\/p>\n\n\n\n<figure class=\"wp-block-gallery has-nested-images columns-default is-cropped wp-block-gallery-1 is-layout-flex wp-block-gallery-is-layout-flex\">\n<figure class=\"wp-block-image size-full\"><img loading=\"lazy\" decoding=\"async\" width=\"892\" height=\"445\" data-id=\"15814\" src=\"https:\/\/revistasietediasmty.com\/wp-content\/uploads\/2026\/09\/CancunLasAmericas.png\" alt=\"\" class=\"wp-image-15814\" srcset=\"https:\/\/revistasietediasmty.com\/wp-content\/uploads\/2026\/09\/CancunLasAmericas.png 892w, https:\/\/revistasietediasmty.com\/wp-content\/uploads\/2026\/09\/CancunLasAmericas-300x150.png 300w, https:\/\/revistasietediasmty.com\/wp-content\/uploads\/2026\/09\/CancunLasAmericas-768x383.png 768w\" sizes=\"auto, (max-width: 892px) 100vw, 892px\" \/><\/figure>\n\n\n\n<figure class=\"wp-block-image size-full\"><img loading=\"lazy\" decoding=\"async\" width=\"795\" height=\"442\" data-id=\"15815\" src=\"https:\/\/revistasietediasmty.com\/wp-content\/uploads\/2026\/09\/MeridaAv60-1.png\" alt=\"\" class=\"wp-image-15815\" srcset=\"https:\/\/revistasietediasmty.com\/wp-content\/uploads\/2026\/09\/MeridaAv60-1.png 795w, https:\/\/revistasietediasmty.com\/wp-content\/uploads\/2026\/09\/MeridaAv60-1-300x167.png 300w, https:\/\/revistasietediasmty.com\/wp-content\/uploads\/2026\/09\/MeridaAv60-1-766x426.png 766w\" sizes=\"auto, (max-width: 795px) 100vw, 795px\" \/><\/figure>\n\n\n\n<figure class=\"wp-block-image size-full\"><img loading=\"lazy\" decoding=\"async\" width=\"844\" height=\"445\" data-id=\"15813\" src=\"https:\/\/revistasietediasmty.com\/wp-content\/uploads\/2026\/09\/MeridaMontejo.png\" alt=\"\" class=\"wp-image-15813\" srcset=\"https:\/\/revistasietediasmty.com\/wp-content\/uploads\/2026\/09\/MeridaMontejo.png 844w, https:\/\/revistasietediasmty.com\/wp-content\/uploads\/2026\/09\/MeridaMontejo-300x158.png 300w, https:\/\/revistasietediasmty.com\/wp-content\/uploads\/2026\/09\/MeridaMontejo-766x404.png 766w\" sizes=\"auto, (max-width: 844px) 100vw, 844px\" \/><\/figure>\n<\/figure>\n","protected":false},"excerpt":{"rendered":"<p>\u25cf&nbsp;&nbsp;&nbsp;&nbsp;&nbsp;&nbsp;La empresa iniciar\u00e1 operaciones en M\u00e9rida y Canc\u00fan durante septiembre a trav\u00e9s de una alianza con Hertz M\u00e9xico y su divisi\u00f3n de seminuevos, CarShop, y ampliar\u00e1 a nueve estados su oferta en el pa\u00eds. \u25cf&nbsp;&nbsp;&nbsp;&nbsp;&nbsp;&nbsp;La colaboraci\u00f3n contempla la apertura de tres espacios comerciales bajo un esquema de co-branding, que integrar\u00e1n la experiencia e infraestructura de [&hellip;]<\/p>\n","protected":false},"author":1,"featured_media":15812,"comment_status":"open","ping_status":"open","sticky":false,"template":"","format":"standard","meta":{"footnotes":""},"categories":[1],"tags":[],"class_list":["post-15811","post","type-post","status-publish","format-standard","has-post-thumbnail","hentry","category-uncategorized"],"_links":{"self":[{"href":"https:\/\/revistasietediasmty.com\/index.php?rest_route=\/wp\/v2\/posts\/15811","targetHints":{"allow":["GET"]}}],"collection":[{"href":"https:\/\/revistasietediasmty.com\/index.php?rest_route=\/wp\/v2\/posts"}],"about":[{"href":"https:\/\/revistasietediasmty.com\/index.php?rest_route=\/wp\/v2\/types\/post"}],"author":[{"embeddable":true,"href":"https:\/\/revistasietediasmty.com\/index.php?rest_route=\/wp\/v2\/users\/1"}],"replies":[{"embeddable":true,"href":"https:\/\/revistasietediasmty.com\/index.php?rest_route=%2Fwp%2Fv2%2Fcomments&post=15811"}],"version-history":[{"count":1,"href":"https:\/\/revistasietediasmty.com\/index.php?rest_route=\/wp\/v2\/posts\/15811\/revisions"}],"predecessor-version":[{"id":15816,"href":"https:\/\/revistasietediasmty.com\/index.php?rest_route=\/wp\/v2\/posts\/15811\/revisions\/15816"}],"wp:featuredmedia":[{"embeddable":true,"href":"https:\/\/revistasietediasmty.com\/index.php?rest_route=\/wp\/v2\/media\/15812"}],"wp:attachment":[{"href":"https:\/\/revistasietediasmty.com\/index.php?rest_route=%2Fwp%2Fv2%2Fmedia&parent=15811"}],"wp:term":[{"taxonomy":"category","embeddable":true,"href":"https:\/\/revistasietediasmty.com\/index.php?rest_route=%2Fwp%2Fv2%2Fcategories&post=15811"},{"taxonomy":"post_tag","embeddable":true,"href":"https:\/\/revistasietediasmty.com\/index.php?rest_route=%2Fwp%2Fv2%2Ftags&post=15811"}],"curies":[{"name":"wp","href":"https:\/\/api.w.org\/{rel}","templated":true}]}}