{"id":15797,"date":"2026-09-01T16:28:01","date_gmt":"2026-09-01T22:28:01","guid":{"rendered":"https:\/\/revistasietediasmty.com\/?p=15797"},"modified":"2026-09-01T16:28:01","modified_gmt":"2026-09-01T22:28:01","slug":"waldo-fernandez-gobierno-de-samuel-pone-en-riesgo-el-agua-de-una-generacion","status":"publish","type":"post","link":"https:\/\/revistasietediasmty.com\/?p=15797","title":{"rendered":"Waldo Fern\u00e1ndez: Gobierno de Samuel pone en riesgo el agua de una generaci\u00f3n"},"content":{"rendered":"\n<p class=\"wp-block-paragraph\">Waldo Fern\u00e1ndez, aspirante a la Coordinaci\u00f3n de Defensa de la Transformaci\u00f3n en Nuevo Le\u00f3n, calific\u00f3 como una \u201cirresponsabilidad\u201d que el Gobierno del Estado ponga en riesgo la concesi\u00f3n para aprovechar agua del R\u00edo P\u00e1nuco, luego de que la Comisi\u00f3n Nacional del Agua (Conagua) informara que no se encuentra registrado un pago por m\u00e1s de 172 millones de pesos.<\/p>\n\n\n\n<p class=\"wp-block-paragraph\">\u201cPues primero que nada es una irresponsabilidad y un gobierno de desechos. Ahora tambi\u00e9n est\u00e1n desechando el potencial h\u00eddrico que tiene esa concesi\u00f3n, que es una concesi\u00f3n que le pertenece al pueblo de Nuevo Le\u00f3n, no le pertenece al Gobierno del Estado y esa concesi\u00f3n garantizaba la posibilidad de una macro obra que permitiera garantizar el agua para los siguientes 20 a\u00f1os, las siguientes generaciones\u201d, afirm\u00f3.<\/p>\n\n\n\n<p class=\"wp-block-paragraph\">El Organismo de Cuenca R\u00edo Bravo (OCRB) de Conagua se\u00f1al\u00f3 adem\u00e1s que no ha recibido una solicitud formal del Estado ni documentaci\u00f3n de Servicios de Agua y Drenaje de Monterrey (AyD) para reactivar el proyecto Monterrey VI.<\/p>\n\n\n\n<p class=\"wp-block-paragraph\">Fern\u00e1ndez critic\u00f3 los cambios de postura del Gobierno estatal respecto al proyecto y acus\u00f3 que sus decisiones responden a ocurrencias y anuncios, en lugar de pol\u00edticas p\u00fablicas.<\/p>\n\n\n\n<p class=\"wp-block-paragraph\">\u201cEs un gobierno de an\u00e9cdotas, de ocurrencias. Un d\u00eda se le ocurre una cosa, un d\u00eda se le ocurre otra y un gobierno que solamente busca anuncios para la foto, para el Facebook, para las redes sociales, pero que no busca ninguna pol\u00edtica p\u00fablica real de beneficio para las personas.\u201d<\/p>\n\n\n\n<p class=\"wp-block-paragraph\">El aspirante record\u00f3 que Samuel Garc\u00eda se opuso al proyecto cuando era diputado local y que, posteriormente, ya como Gobernador, plante\u00f3 retomarlo.<\/p>\n\n\n\n<p class=\"wp-block-paragraph\">Al ser cuestionado sobre qui\u00e9n tendr\u00eda que responder en caso de perderse la concesi\u00f3n, Fern\u00e1ndez responsabiliz\u00f3 al Gobierno estatal y a la direcci\u00f3n de Agua y Drenaje.<\/p>\n\n\n\n<p class=\"wp-block-paragraph\">\u201cEl Gobierno del Estado, el director de Agua y Drenaje concretamente. Pero evidentemente ante la advertencia, pues el Gobernador de manera indirecta.\u201d<\/p>\n\n\n\n<p class=\"wp-block-paragraph\">Finalmente, Fern\u00e1ndez advirti\u00f3 que poner en riesgo una fuente de abastecimiento de agua tiene implicaciones para la competitividad y la viabilidad futura de Nuevo Le\u00f3n.<\/p>\n\n\n\n<p class=\"wp-block-paragraph\">\u201cLa competitividad del Estado se va a ver transgredida, la viabilidad del Estado. Es un asunto, el agua es el motor fundamental de cualquier lugar. Sin agua no hay vida, sin agua no puede haber industria, sin agua no puede haber trabajo, sin agua no puede haber empleo. Entonces es una irresponsabilidad lo que est\u00e1 sucediendo con esta concesi\u00f3n.<\/p>\n","protected":false},"excerpt":{"rendered":"<p>Waldo Fern\u00e1ndez, aspirante a la Coordinaci\u00f3n de Defensa de la Transformaci\u00f3n en Nuevo Le\u00f3n, calific\u00f3 como una \u201cirresponsabilidad\u201d que el Gobierno del Estado ponga en riesgo la concesi\u00f3n para aprovechar agua del R\u00edo P\u00e1nuco, luego de que la Comisi\u00f3n Nacional del Agua (Conagua) informara que no se encuentra registrado un pago por m\u00e1s de 172 [&hellip;]<\/p>\n","protected":false},"author":1,"featured_media":15798,"comment_status":"open","ping_status":"open","sticky":true,"template":"","format":"standard","meta":{"footnotes":""},"categories":[11,16,9,8],"tags":[],"class_list":["post-15797","post","type-post","status-publish","format-standard","has-post-thumbnail","hentry","category-importante","category-local","category-nuevo-leon","category-relevante"],"_links":{"self":[{"href":"https:\/\/revistasietediasmty.com\/index.php?rest_route=\/wp\/v2\/posts\/15797","targetHints":{"allow":["GET"]}}],"collection":[{"href":"https:\/\/revistasietediasmty.com\/index.php?rest_route=\/wp\/v2\/posts"}],"about":[{"href":"https:\/\/revistasietediasmty.com\/index.php?rest_route=\/wp\/v2\/types\/post"}],"author":[{"embeddable":true,"href":"https:\/\/revistasietediasmty.com\/index.php?rest_route=\/wp\/v2\/users\/1"}],"replies":[{"embeddable":true,"href":"https:\/\/revistasietediasmty.com\/index.php?rest_route=%2Fwp%2Fv2%2Fcomments&post=15797"}],"version-history":[{"count":1,"href":"https:\/\/revistasietediasmty.com\/index.php?rest_route=\/wp\/v2\/posts\/15797\/revisions"}],"predecessor-version":[{"id":15799,"href":"https:\/\/revistasietediasmty.com\/index.php?rest_route=\/wp\/v2\/posts\/15797\/revisions\/15799"}],"wp:featuredmedia":[{"embeddable":true,"href":"https:\/\/revistasietediasmty.com\/index.php?rest_route=\/wp\/v2\/media\/15798"}],"wp:attachment":[{"href":"https:\/\/revistasietediasmty.com\/index.php?rest_route=%2Fwp%2Fv2%2Fmedia&parent=15797"}],"wp:term":[{"taxonomy":"category","embeddable":true,"href":"https:\/\/revistasietediasmty.com\/index.php?rest_route=%2Fwp%2Fv2%2Fcategories&post=15797"},{"taxonomy":"post_tag","embeddable":true,"href":"https:\/\/revistasietediasmty.com\/index.php?rest_route=%2Fwp%2Fv2%2Ftags&post=15797"}],"curies":[{"name":"wp","href":"https:\/\/api.w.org\/{rel}","templated":true}]}}