{"id":15208,"date":"2026-04-30T14:55:29","date_gmt":"2026-04-30T20:55:29","guid":{"rendered":"https:\/\/revistasietediasmty.com\/?p=15208"},"modified":"2026-04-30T14:55:30","modified_gmt":"2026-04-30T20:55:30","slug":"pib-de-mexico-a-la-baja-se-ubica-en-0-8-por-ciento-inegi","status":"publish","type":"post","link":"https:\/\/revistasietediasmty.com\/?p=15208","title":{"rendered":"PIB de M\u00e9xico a la baja se ubica en &#8211; 0.8 por ciento: INEGI"},"content":{"rendered":"\n<p>Por Alfonso Guti\u00e9rrez<\/p>\n\n\n\n<p>El Producto Interno Bruto de M\u00e9xico, el cual mide la Econom\u00eda del pa\u00eds cay\u00f3 en 0.8 por ciento en el primer trimestre de 2026 a tasa trimestral, informa el INEGI en su p\u00e1gina oficial.<br>El Instituto Nacional de Estad\u00edstica y Geograf\u00eda (Inegi) se\u00f1ala que la variaci\u00f3n anual del PIB muestra un nivel de solo 0.2 por ciento.<br>La Estimaci\u00f3n Oportuna del Producto Interno Bruto Trimestral (EOPIBT) ofrece, en el corto plazo, una visi\u00f3n sobre la evoluci\u00f3n de las actividades econ\u00f3micas del pa\u00eds, 30 d\u00edas despu\u00e9s<br>de que concluye el trimestre de referencia, se\u00f1ala.<br>Lo anterior, con base en la informaci\u00f3n estad\u00edstica disponible, las t\u00e9cnicas estad\u00edsticas y modelos econom\u00e9tricos que mejor se ajustan a dicha informaci\u00f3n, as\u00ed como en las recomendaciones internacionales vigentes. Los resultados son<br>consistentes con el Sistema de Cuentas Nacionales de M\u00e9xico, indica.<br>En el primer trimestre de 2026 y con cifras ajustadas por estacionalidad,<br>los resultados de la<br>EOPIBT indican que el PIB descendi\u00f3 0.8\u2009% en t\u00e9rminos reales, respecto al trimestre inmediato anterior, agrega.<br>A tasa anual, el PIB oportuno aument\u00f3 0.2 por ciento, indico.<br>En el periodo enero-marzo de 2026, la estimaci\u00f3n oportuna del PIB de las actividades primarias<br>baj\u00f3 1.4\u2009%; las secundarias, 1.1\u2009%; y las terciarias, 0.6\u2009%, a tasa trimestral, indica.<br>En el trimestre de referencia y a tasa anual, la estimaci\u00f3n oportuna del PIB por actividad econ\u00f3mica fue la siguiente: el PIB de las terciarias creci\u00f3 0.9 por ciento. El de las primarias cay\u00f3<br>0.1\u2009% y el de las secundarias, 1.1 %.<\/p>\n","protected":false},"excerpt":{"rendered":"<p>Por Alfonso Guti\u00e9rrez El Producto Interno Bruto de M\u00e9xico, el cual mide la Econom\u00eda del pa\u00eds cay\u00f3 en 0.8 por ciento en el primer trimestre de 2026 a tasa trimestral, informa el INEGI en su p\u00e1gina oficial.El Instituto Nacional de Estad\u00edstica y Geograf\u00eda (Inegi) se\u00f1ala que la variaci\u00f3n anual del PIB muestra un nivel de [&hellip;]<\/p>\n","protected":false},"author":1,"featured_media":15209,"comment_status":"open","ping_status":"open","sticky":true,"template":"","format":"standard","meta":{"footnotes":""},"categories":[21,11,8],"tags":[],"class_list":["post-15208","post","type-post","status-publish","format-standard","has-post-thumbnail","hentry","category-economia","category-importante","category-relevante"],"_links":{"self":[{"href":"https:\/\/revistasietediasmty.com\/index.php?rest_route=\/wp\/v2\/posts\/15208","targetHints":{"allow":["GET"]}}],"collection":[{"href":"https:\/\/revistasietediasmty.com\/index.php?rest_route=\/wp\/v2\/posts"}],"about":[{"href":"https:\/\/revistasietediasmty.com\/index.php?rest_route=\/wp\/v2\/types\/post"}],"author":[{"embeddable":true,"href":"https:\/\/revistasietediasmty.com\/index.php?rest_route=\/wp\/v2\/users\/1"}],"replies":[{"embeddable":true,"href":"https:\/\/revistasietediasmty.com\/index.php?rest_route=%2Fwp%2Fv2%2Fcomments&post=15208"}],"version-history":[{"count":1,"href":"https:\/\/revistasietediasmty.com\/index.php?rest_route=\/wp\/v2\/posts\/15208\/revisions"}],"predecessor-version":[{"id":15210,"href":"https:\/\/revistasietediasmty.com\/index.php?rest_route=\/wp\/v2\/posts\/15208\/revisions\/15210"}],"wp:featuredmedia":[{"embeddable":true,"href":"https:\/\/revistasietediasmty.com\/index.php?rest_route=\/wp\/v2\/media\/15209"}],"wp:attachment":[{"href":"https:\/\/revistasietediasmty.com\/index.php?rest_route=%2Fwp%2Fv2%2Fmedia&parent=15208"}],"wp:term":[{"taxonomy":"category","embeddable":true,"href":"https:\/\/revistasietediasmty.com\/index.php?rest_route=%2Fwp%2Fv2%2Fcategories&post=15208"},{"taxonomy":"post_tag","embeddable":true,"href":"https:\/\/revistasietediasmty.com\/index.php?rest_route=%2Fwp%2Fv2%2Ftags&post=15208"}],"curies":[{"name":"wp","href":"https:\/\/api.w.org\/{rel}","templated":true}]}}