{"id":15205,"date":"2026-04-29T16:35:09","date_gmt":"2026-04-29T22:35:09","guid":{"rendered":"https:\/\/revistasietediasmty.com\/?p=15205"},"modified":"2026-04-29T16:35:09","modified_gmt":"2026-04-29T22:35:09","slug":"cae-utilidad-neta-de-coca-femsa-15-5-por-ciento-en-primer-trimestre-de-2026","status":"publish","type":"post","link":"https:\/\/revistasietediasmty.com\/?p=15205","title":{"rendered":"Cae utilidad neta de Coca Femsa 15.5 por ciento en primer trimestre de 2026"},"content":{"rendered":"\n<p><strong>Por Alfonso Guti\u00e9rrez<\/strong><\/p>\n\n\n\n<p>La utilidad neta mayoritaria de Coca Femsa se redujo en 15.5 por ciento en el primer trimestre de 2026, informa la empresa filial de Femsa, que preside Jos\u00e9 Antonio Fern\u00e1ndez Carbajal.<br>En el comunicado enviado a la Bolsa Mexicana de Valores hoy explica que lo anterior se debi\u00f3 a las bajas ventas y a la sobrevaluacion del peso.<br>Coca Cola Femsa qu\u00e9 dirige Ian Graig es la embotelladora m\u00e1s grande de Coca Cola Corp. del mundo con respecto a las ventas.<br>Se\u00f1ala que el 24 de marzo de 2026, Coca-Cola FEMSA celebr\u00f3 su Asamblea General Ordinaria Anual, en la cual los accionistas aprobaron, entre otras cosas, los Estados Financieros consolidados de la Compa\u00f1\u00eda para el a\u00f1o terminado el 31 de<br>diciembre de 2025, el reporte anual presentado por el consejo de administraci\u00f3n, la declaraci\u00f3n y pago de dividendos<br>correspondientes al ejercicio fiscal de 2025, y el nombramiento o reelecci\u00f3n de los miembros del Consejo de Administraci\u00f3n, de los Comit\u00e9s de Planeaci\u00f3n y Finanzas, Auditor\u00eda y Comit\u00e9 de Pr\u00e1cticas Societarias para 2026. La asamblea de accionistas aprob\u00f3 el pago de un dividendo en efectivo por la cantidad de Ps. 7.74 por unidad KOF UBL<br>(Ps. 0.9675 por acci\u00f3n) a ser pagado en exhibiciones iguales por la cantidad de Ps. 1.935 por unidad KOF UBL (Ps. 0.241875 por acci\u00f3n) los d\u00edas 21 de abril, 14 de julio, 13 de octubre y 8 de diciembre de 2026, para todas las acciones<br>en circulaci\u00f3n en la fecha de pago.<br>\u201cLos resultados de nuestro primer trimestre reflejaron la resiliencia de nuestro negocio y las ventajas que ofrece la diversificaci\u00f3n<br>geogr\u00e1fica. El crecimiento de volumen consolidado fue impulsado por la mayor\u00eda de nuestras operaciones, incluyendo s\u00f3lido desempe\u00f1o<br>en Argentina, Brasil, Colombia y Guatemala, que ayudaron a compensar una ca\u00edda de volumen en M\u00e9xico. Como se anticipaba,<br>afrontamos un entorno de consumo m\u00e1s d\u00e9bil en M\u00e9xico, presionado a su vez por el incremento del impuesto IEPS. A su vez, ganamos<br>participaci\u00f3n en la mayor\u00eda de nuestros mercados y categor\u00edas, y alcanzamos vol\u00famenes r\u00e9cord para un primer trimestre en mercados<br>clave como Brasil, Colombia y Guatemala. Nuestros m\u00e1rgenes consolidados se mantuvieron estables, respaldados por un s\u00f3lido<br>desempe\u00f1o en Sudam\u00e9rica que compens\u00f3 las presiones en M\u00e9xico y Centroam\u00e9rica. En particular, menores vol\u00famenes en M\u00e9xico, una mezcla desfavorable, as\u00ed como gastos por indemnizaciones y en TI, resultaron en una ca\u00edda de 17.4% en la utilidad operativa en M\u00e9xico y Centroam\u00e9rica, lo cual fue parcialmente compensado por un crecimiento de 18.8% en la utilidad operativa en Sudam\u00e9rica, impulsada por el crecimiento de volumen y la absorci\u00f3n de costos y gastos fijos, resultando en una disminuci\u00f3n de 2.3% en la utilidad operativa<br>consolidada para el trimestre.<br>Hacia adelante, mantenemos el enfoque en fortalecer nuestra posici\u00f3n competitiva mediante iniciativas de gesti\u00f3n de ingresos que<br>apoyen un crecimiento de volumen sostenible en el largo plazo. A lo largo de 2026, tambi\u00e9n aprovecharemos la plataforma que nos<br>provee la Copa Mundial de la FIFA en nuestros mercados, al mismo tiempo que continuamos capturando eficiencias y ahorros para<br>proteger la rentabilidad y priorizar el crecimiento sostenible de largo plazo de nuestro negocio, dijo Ian Graig en el comunicado.<\/p>\n","protected":false},"excerpt":{"rendered":"<p>Por Alfonso Guti\u00e9rrez La utilidad neta mayoritaria de Coca Femsa se redujo en 15.5 por ciento en el primer trimestre de 2026, informa la empresa filial de Femsa, que preside Jos\u00e9 Antonio Fern\u00e1ndez Carbajal.En el comunicado enviado a la Bolsa Mexicana de Valores hoy explica que lo anterior se debi\u00f3 a las bajas ventas y [&hellip;]<\/p>\n","protected":false},"author":1,"featured_media":15206,"comment_status":"open","ping_status":"open","sticky":true,"template":"","format":"standard","meta":{"footnotes":""},"categories":[21,12,11,8],"tags":[],"class_list":["post-15205","post","type-post","status-publish","format-standard","has-post-thumbnail","hentry","category-economia","category-empresa","category-importante","category-relevante"],"_links":{"self":[{"href":"https:\/\/revistasietediasmty.com\/index.php?rest_route=\/wp\/v2\/posts\/15205","targetHints":{"allow":["GET"]}}],"collection":[{"href":"https:\/\/revistasietediasmty.com\/index.php?rest_route=\/wp\/v2\/posts"}],"about":[{"href":"https:\/\/revistasietediasmty.com\/index.php?rest_route=\/wp\/v2\/types\/post"}],"author":[{"embeddable":true,"href":"https:\/\/revistasietediasmty.com\/index.php?rest_route=\/wp\/v2\/users\/1"}],"replies":[{"embeddable":true,"href":"https:\/\/revistasietediasmty.com\/index.php?rest_route=%2Fwp%2Fv2%2Fcomments&post=15205"}],"version-history":[{"count":1,"href":"https:\/\/revistasietediasmty.com\/index.php?rest_route=\/wp\/v2\/posts\/15205\/revisions"}],"predecessor-version":[{"id":15207,"href":"https:\/\/revistasietediasmty.com\/index.php?rest_route=\/wp\/v2\/posts\/15205\/revisions\/15207"}],"wp:featuredmedia":[{"embeddable":true,"href":"https:\/\/revistasietediasmty.com\/index.php?rest_route=\/wp\/v2\/media\/15206"}],"wp:attachment":[{"href":"https:\/\/revistasietediasmty.com\/index.php?rest_route=%2Fwp%2Fv2%2Fmedia&parent=15205"}],"wp:term":[{"taxonomy":"category","embeddable":true,"href":"https:\/\/revistasietediasmty.com\/index.php?rest_route=%2Fwp%2Fv2%2Fcategories&post=15205"},{"taxonomy":"post_tag","embeddable":true,"href":"https:\/\/revistasietediasmty.com\/index.php?rest_route=%2Fwp%2Fv2%2Ftags&post=15205"}],"curies":[{"name":"wp","href":"https:\/\/api.w.org\/{rel}","templated":true}]}}