{"id":15189,"date":"2026-04-27T16:18:08","date_gmt":"2026-04-27T22:18:08","guid":{"rendered":"https:\/\/revistasietediasmty.com\/?p=15189"},"modified":"2026-04-27T16:18:08","modified_gmt":"2026-04-27T22:18:08","slug":"aumento-de-salario-minimo-propicia-cierre-de-mas-de-49-mil-empresas-yexpansion-de-la-informalidad","status":"publish","type":"post","link":"https:\/\/revistasietediasmty.com\/?p=15189","title":{"rendered":"Aumento de salario m\u00ednimo propicia cierre de m\u00e1s de 49 mil empresas yexpansi\u00f3n de la informalidad"},"content":{"rendered":"\n<p><strong>Alfonso Guti\u00e9rrez y Jorge Ibarra<\/strong><\/p>\n\n\n\n<p>Si bien se anticipa que el empleo podr\u00eda retomar una senda de mayor crecimiento en lo que resta del<br>a\u00f1o, este escenario depende en gran medida de una recuperaci\u00f3n de la inversi\u00f3n y de un mayor dinamismo en la actividad empresarial.<br>De acuerdo a un estudio de BBVA M\u00e9xico hasta ahora, el entorno econ\u00f3mico no ha favorecido estas<br>condiciones, lo que ha limitado la creaci\u00f3n de empleo formal y ha incidido en el cierre de empresas, particularmente de micro, peque\u00f1as y medianas (mipymes).<br>Agrega que los datos del IMSS muestran un deterioro sostenido en el n\u00famero de empleadores formales. Desde<br>2024, el total de patrones registrados ha disminuido en promedio -0.3% anual, ca\u00edda que se acentu\u00f3<br>en 2025 (-2.5%).<br>Menciona BBVA qu\u00e9 en el primer trimestre de 2026 no se observan se\u00f1ales de mejora, con una<br>contracci\u00f3n adicional de -1.9% respecto al promedio del a\u00f1o previo.<br>Indica que en contraste, los empleadores<br>en el sector informal \u2014de acuerdo con la Encuesta Nacional de Ocupaci\u00f3n y Empleo (ENOE) del<br>Instituto Nacional de Estad\u00edstica y Geograf\u00eda (INEGI)\u2014 han mostrado una din\u00e1mica positiva, con un<br>crecimiento de 7.6% en 2024 y de 2.1% en 2025, evidenciando una divergencia relevante frente al<br>comportamiento del sector formal.<br>Indica que por tama\u00f1o de empresa, el deterioro del tejido empresarial es particularmente evidente.<br>Menciona que tomando<br>como referencia diciembre de 2022, se contabiliza el cierre de 45,279 microempresas (de 1 a 5<br>asegurados) y de 3,845 peque\u00f1as empresas (de 6 a 50 asegurados). Se\u00f1ala que estos resultados sugieren que,<br>lejos de consolidarse un entorno propicio para la apertura de nuevos negocios, persisten<br>condiciones adversas que est\u00e1n limitando la actividad empresarial formal y favoreciendo el<br>desplazamiento hacia la informalidad.<br>Indica que uno de los factores que podr\u00eda estar incidiendo en esta din\u00e1mica de cierre de microempresas es la<br>pol\u00edtica de incrementos al salario m\u00ednimo, que si bien ha contribuido a mejorar el poder adquisitivo<br>de los trabajadores, al mantenerse en ritmos elevados y en un contexto de bajo crecimiento de la<br>demanda y productividad, podr\u00eda estar comenzando a generar presiones adicionales sobre los<br>costos laborales.<br>Menciona que este efecto ser\u00eda particularmente relevante en las micro y peque\u00f1as empresas,<br>que cuentan con una menor capacidad de absorci\u00f3n.<br>Indica que si bien no es posible aislar con precisi\u00f3n este<br>impacto con la informaci\u00f3n disponible, la evidencia sugiere que, en un entorno de bajo dinamismo<br>econ\u00f3mico, aumentos sostenidos podr\u00edan estar contribuyendo a desalentar la formalidad o incluso<br>a propiciar el desplazamiento hacia esquemas informales. Indica que hacia adelante, ser\u00e1 clave encontrar un<br>balance que permita seguir fortaleciendo los ingresos laborales sin comprometer la viabilidad de las<br>unidades productivas m\u00e1s peque\u00f1as ni la creaci\u00f3n de empleo formal.<\/p>\n","protected":false},"excerpt":{"rendered":"<p>Alfonso Guti\u00e9rrez y Jorge Ibarra Si bien se anticipa que el empleo podr\u00eda retomar una senda de mayor crecimiento en lo que resta dela\u00f1o, este escenario depende en gran medida de una recuperaci\u00f3n de la inversi\u00f3n y de un mayor dinamismo en la actividad empresarial.De acuerdo a un estudio de BBVA M\u00e9xico hasta ahora, el [&hellip;]<\/p>\n","protected":false},"author":1,"featured_media":15190,"comment_status":"open","ping_status":"open","sticky":true,"template":"","format":"standard","meta":{"footnotes":""},"categories":[21,11,16,8],"tags":[],"class_list":["post-15189","post","type-post","status-publish","format-standard","has-post-thumbnail","hentry","category-economia","category-importante","category-local","category-relevante"],"_links":{"self":[{"href":"https:\/\/revistasietediasmty.com\/index.php?rest_route=\/wp\/v2\/posts\/15189","targetHints":{"allow":["GET"]}}],"collection":[{"href":"https:\/\/revistasietediasmty.com\/index.php?rest_route=\/wp\/v2\/posts"}],"about":[{"href":"https:\/\/revistasietediasmty.com\/index.php?rest_route=\/wp\/v2\/types\/post"}],"author":[{"embeddable":true,"href":"https:\/\/revistasietediasmty.com\/index.php?rest_route=\/wp\/v2\/users\/1"}],"replies":[{"embeddable":true,"href":"https:\/\/revistasietediasmty.com\/index.php?rest_route=%2Fwp%2Fv2%2Fcomments&post=15189"}],"version-history":[{"count":1,"href":"https:\/\/revistasietediasmty.com\/index.php?rest_route=\/wp\/v2\/posts\/15189\/revisions"}],"predecessor-version":[{"id":15191,"href":"https:\/\/revistasietediasmty.com\/index.php?rest_route=\/wp\/v2\/posts\/15189\/revisions\/15191"}],"wp:featuredmedia":[{"embeddable":true,"href":"https:\/\/revistasietediasmty.com\/index.php?rest_route=\/wp\/v2\/media\/15190"}],"wp:attachment":[{"href":"https:\/\/revistasietediasmty.com\/index.php?rest_route=%2Fwp%2Fv2%2Fmedia&parent=15189"}],"wp:term":[{"taxonomy":"category","embeddable":true,"href":"https:\/\/revistasietediasmty.com\/index.php?rest_route=%2Fwp%2Fv2%2Fcategories&post=15189"},{"taxonomy":"post_tag","embeddable":true,"href":"https:\/\/revistasietediasmty.com\/index.php?rest_route=%2Fwp%2Fv2%2Ftags&post=15189"}],"curies":[{"name":"wp","href":"https:\/\/api.w.org\/{rel}","templated":true}]}}