{"id":14957,"date":"2026-03-17T13:18:56","date_gmt":"2026-03-17T19:18:56","guid":{"rendered":"https:\/\/revistasietediasmty.com\/?p=14957"},"modified":"2026-03-17T13:18:56","modified_gmt":"2026-03-17T19:18:56","slug":"industria-manufacturera-del-pais-muy-cerca-de-la-recesion-crece-solo-0-1-por-ciento-en-enero-2026-a-tasa-anual","status":"publish","type":"post","link":"https:\/\/revistasietediasmty.com\/?p=14957","title":{"rendered":"Industria manufacturera del pa\u00eds muy cerca de la recesi\u00f3n, crece solo 0.1 por ciento en enero 2026 a tasa anual"},"content":{"rendered":"\n<p><strong>Por Alfonso Guti\u00e9rrez y Jorge Ibarra<\/strong><\/p>\n\n\n\n<p>De acuerdo al Instituto Nacional de Estad\u00edstica y Geograf\u00eda (INEGI) la industria manufacturera del pa\u00eds est\u00e1 todav\u00eda muy cerca de la recesi\u00f3n al solo crecer 0.1 por ciento en enero de 2026 a tasa anual.<br>Los indicadores de personal ocupado y horas trabajadas del sector manufacturero registran ca\u00eddas anuales en enero de 2026, inform\u00f3 el INEGI.<br>De aqu\u00ed que el personal ocupado y horas trabajadas tuvieron ca\u00eddas anuales de 2.5 y 2.6 por ciento.<br>El INEGI expresa que las remuneraciones reales en forma anual en contraste se incrementaron en 3.3 por ciento.<br>El Instituto se\u00f1ala que disminuy\u00f3 1.8 % el volumen de la producci\u00f3n manufacturera<br>en enero de 2026, a tasa mensual y a tasa anual aument\u00f3 solo 0.1 por ciento.<br>La Encuesta Mensual de la Industria Manufacturera (EMIM) informa sobre la coyuntura de las<br>principales variables de la producci\u00f3n y el empleo en el sector manufacturero, en torno a 206 clases de actividad en M\u00e9xico, agrega el INEGI.<br>En enero de 2026 y con cifras desestacionalizadas, el volumen f\u00edsico de la producci\u00f3n de la<br>industria manufacturera present\u00f3 una ca\u00edda de 1.8 % en su comparaci\u00f3n mensual y un alza de 0.1 % a tasa anual.<br>La actividad manufacturera en M\u00e9xico es un motor econ\u00f3mico fundamental, con un valor superior a los $11 billones de MX en 2024, destacando la industria automotriz, aeroespacial y de dispositivos m\u00e9dicos. A pesar de un inicio d\u00e9bil en 2026 con retrocesos en producci\u00f3n, el sector se mantiene como pilar de empleo y exportaci\u00f3n, seg\u00fan informaci\u00f3n del INEGI.<\/p>\n","protected":false},"excerpt":{"rendered":"<p>Por Alfonso Guti\u00e9rrez y Jorge Ibarra De acuerdo al Instituto Nacional de Estad\u00edstica y Geograf\u00eda (INEGI) la industria manufacturera del pa\u00eds est\u00e1 todav\u00eda muy cerca de la recesi\u00f3n al solo crecer 0.1 por ciento en enero de 2026 a tasa anual.Los indicadores de personal ocupado y horas trabajadas del sector manufacturero registran ca\u00eddas anuales en [&hellip;]<\/p>\n","protected":false},"author":1,"featured_media":14958,"comment_status":"open","ping_status":"open","sticky":true,"template":"","format":"standard","meta":{"footnotes":""},"categories":[21,11,16,8],"tags":[],"class_list":["post-14957","post","type-post","status-publish","format-standard","has-post-thumbnail","hentry","category-economia","category-importante","category-local","category-relevante"],"_links":{"self":[{"href":"https:\/\/revistasietediasmty.com\/index.php?rest_route=\/wp\/v2\/posts\/14957","targetHints":{"allow":["GET"]}}],"collection":[{"href":"https:\/\/revistasietediasmty.com\/index.php?rest_route=\/wp\/v2\/posts"}],"about":[{"href":"https:\/\/revistasietediasmty.com\/index.php?rest_route=\/wp\/v2\/types\/post"}],"author":[{"embeddable":true,"href":"https:\/\/revistasietediasmty.com\/index.php?rest_route=\/wp\/v2\/users\/1"}],"replies":[{"embeddable":true,"href":"https:\/\/revistasietediasmty.com\/index.php?rest_route=%2Fwp%2Fv2%2Fcomments&post=14957"}],"version-history":[{"count":1,"href":"https:\/\/revistasietediasmty.com\/index.php?rest_route=\/wp\/v2\/posts\/14957\/revisions"}],"predecessor-version":[{"id":14959,"href":"https:\/\/revistasietediasmty.com\/index.php?rest_route=\/wp\/v2\/posts\/14957\/revisions\/14959"}],"wp:featuredmedia":[{"embeddable":true,"href":"https:\/\/revistasietediasmty.com\/index.php?rest_route=\/wp\/v2\/media\/14958"}],"wp:attachment":[{"href":"https:\/\/revistasietediasmty.com\/index.php?rest_route=%2Fwp%2Fv2%2Fmedia&parent=14957"}],"wp:term":[{"taxonomy":"category","embeddable":true,"href":"https:\/\/revistasietediasmty.com\/index.php?rest_route=%2Fwp%2Fv2%2Fcategories&post=14957"},{"taxonomy":"post_tag","embeddable":true,"href":"https:\/\/revistasietediasmty.com\/index.php?rest_route=%2Fwp%2Fv2%2Ftags&post=14957"}],"curies":[{"name":"wp","href":"https:\/\/api.w.org\/{rel}","templated":true}]}}