{"id":14937,"date":"2026-03-13T09:43:59","date_gmt":"2026-03-13T15:43:59","guid":{"rendered":"https:\/\/revistasietediasmty.com\/?p=14937"},"modified":"2026-03-13T09:43:59","modified_gmt":"2026-03-13T15:43:59","slug":"brinda-waldo-fernandez-apoyo-total-a-la-industria-del-acero-en-mexico","status":"publish","type":"post","link":"https:\/\/revistasietediasmty.com\/?p=14937","title":{"rendered":"BRINDA WALDO FERN\u00c1NDEZ APOYO TOTAL A LA INDUSTRIA DEL ACERO EN M\u00c9XICO"},"content":{"rendered":"\n<p>Waldo Fern\u00e1ndez particip\u00f3 en el evento m\u00e1s importante del sector sider\u00fargico en M\u00e9xico<\/p>\n\n\n\n<p>El Senador Waldo Fern\u00e1ndez asisti\u00f3 como invitado de honor a la tradicional comida de clausura de los trabajos de la 78\u00aa Asamblea General Ordinaria de la C\u00e1mara Nacional de la Industria del Hierro y del Acero (CANACERO), el evento m\u00e1s importante del sector sider\u00fargico en M\u00e9xico.<\/p>\n\n\n\n<p>El Senador asisti\u00f3 como presidente de la Comisi\u00f3n de Seguimiento a la Implementaci\u00f3n y Revisi\u00f3n del T-MEC, donde dialog\u00f3 con l\u00edderes de la industria, autoridades gubernamentales y actores clave para discutir el rumbo, los desaf\u00edos y los logros de la cadena de valor del acero en el pa\u00eds.<\/p>\n\n\n\n<p>\u201cVamos terminando la reuni\u00f3n de la 78\u00aa Asamblea de CANACERO, una industria nacional que ha fortalecido el esp\u00edritu econ\u00f3mico de nuestra naci\u00f3n y, evidentemente, hoy seguimos comprometidos para que los Estados Unidos le quiten estos aranceles injustos a la industria del acero y el aluminio. Vamos a seguir trabajando desde la presidencia de la Comisi\u00f3n del T-MEC para lograrlo\u201d destac\u00f3 el Senador.<\/p>\n\n\n\n<p>Durante la asamblea se nombr\u00f3 a Sergio de la Maza como nuevo presidente de la c\u00e1mara para el periodo 2026-2027.<\/p>\n\n\n\n<p>Adem\u00e1s, se abordaron temas como los retos significativos que enfrenta la industria del acero, incluyendo la ca\u00edda de la producci\u00f3n y el consumo, as\u00ed como la relaci\u00f3n comercial con Estados Unidos y el respaldo a la pol\u00edtica industrial.<\/p>\n\n\n\n<figure class=\"wp-block-gallery has-nested-images columns-default is-cropped wp-block-gallery-1 is-layout-flex wp-block-gallery-is-layout-flex\">\n<figure class=\"wp-block-image size-large\"><img loading=\"lazy\" decoding=\"async\" width=\"1024\" height=\"582\" data-id=\"14939\" src=\"https:\/\/revistasietediasmty.com\/wp-content\/uploads\/2026\/03\/WhatsApp-Image-2026-03-12-at-7.24.56-PM-1-1024x582.jpeg\" alt=\"\" class=\"wp-image-14939\" srcset=\"https:\/\/revistasietediasmty.com\/wp-content\/uploads\/2026\/03\/WhatsApp-Image-2026-03-12-at-7.24.56-PM-1-1024x582.jpeg 1024w, https:\/\/revistasietediasmty.com\/wp-content\/uploads\/2026\/03\/WhatsApp-Image-2026-03-12-at-7.24.56-PM-1-300x171.jpeg 300w, https:\/\/revistasietediasmty.com\/wp-content\/uploads\/2026\/03\/WhatsApp-Image-2026-03-12-at-7.24.56-PM-1-768x437.jpeg 768w, https:\/\/revistasietediasmty.com\/wp-content\/uploads\/2026\/03\/WhatsApp-Image-2026-03-12-at-7.24.56-PM-1-1536x874.jpeg 1536w, https:\/\/revistasietediasmty.com\/wp-content\/uploads\/2026\/03\/WhatsApp-Image-2026-03-12-at-7.24.56-PM-1.jpeg 1600w\" sizes=\"auto, (max-width: 1024px) 100vw, 1024px\" \/><\/figure>\n\n\n\n<figure class=\"wp-block-image size-large\"><img loading=\"lazy\" decoding=\"async\" width=\"1024\" height=\"682\" data-id=\"14942\" src=\"https:\/\/revistasietediasmty.com\/wp-content\/uploads\/2026\/03\/WhatsApp-Image-2026-03-12-at-7.25.13-PM-1024x682.jpeg\" alt=\"\" class=\"wp-image-14942\" srcset=\"https:\/\/revistasietediasmty.com\/wp-content\/uploads\/2026\/03\/WhatsApp-Image-2026-03-12-at-7.25.13-PM-1024x682.jpeg 1024w, https:\/\/revistasietediasmty.com\/wp-content\/uploads\/2026\/03\/WhatsApp-Image-2026-03-12-at-7.25.13-PM-300x200.jpeg 300w, https:\/\/revistasietediasmty.com\/wp-content\/uploads\/2026\/03\/WhatsApp-Image-2026-03-12-at-7.25.13-PM-768x512.jpeg 768w, https:\/\/revistasietediasmty.com\/wp-content\/uploads\/2026\/03\/WhatsApp-Image-2026-03-12-at-7.25.13-PM-1536x1023.jpeg 1536w, https:\/\/revistasietediasmty.com\/wp-content\/uploads\/2026\/03\/WhatsApp-Image-2026-03-12-at-7.25.13-PM.jpeg 1600w\" sizes=\"auto, (max-width: 1024px) 100vw, 1024px\" \/><\/figure>\n\n\n\n<figure class=\"wp-block-image size-large\"><img loading=\"lazy\" decoding=\"async\" width=\"1024\" height=\"682\" data-id=\"14941\" src=\"https:\/\/revistasietediasmty.com\/wp-content\/uploads\/2026\/03\/WhatsApp-Image-2026-03-12-at-7.25.34-PM-1024x682.jpeg\" alt=\"\" class=\"wp-image-14941\" srcset=\"https:\/\/revistasietediasmty.com\/wp-content\/uploads\/2026\/03\/WhatsApp-Image-2026-03-12-at-7.25.34-PM-1024x682.jpeg 1024w, https:\/\/revistasietediasmty.com\/wp-content\/uploads\/2026\/03\/WhatsApp-Image-2026-03-12-at-7.25.34-PM-300x200.jpeg 300w, https:\/\/revistasietediasmty.com\/wp-content\/uploads\/2026\/03\/WhatsApp-Image-2026-03-12-at-7.25.34-PM-768x512.jpeg 768w, https:\/\/revistasietediasmty.com\/wp-content\/uploads\/2026\/03\/WhatsApp-Image-2026-03-12-at-7.25.34-PM-1536x1023.jpeg 1536w, https:\/\/revistasietediasmty.com\/wp-content\/uploads\/2026\/03\/WhatsApp-Image-2026-03-12-at-7.25.34-PM.jpeg 1600w\" sizes=\"auto, (max-width: 1024px) 100vw, 1024px\" \/><\/figure>\n\n\n\n<figure class=\"wp-block-image size-large\"><img loading=\"lazy\" decoding=\"async\" width=\"682\" height=\"1024\" data-id=\"14940\" src=\"https:\/\/revistasietediasmty.com\/wp-content\/uploads\/2026\/03\/WhatsApp-Image-2026-03-12-at-7.26.11-PM-682x1024.jpeg\" alt=\"\" class=\"wp-image-14940\" srcset=\"https:\/\/revistasietediasmty.com\/wp-content\/uploads\/2026\/03\/WhatsApp-Image-2026-03-12-at-7.26.11-PM-682x1024.jpeg 682w, https:\/\/revistasietediasmty.com\/wp-content\/uploads\/2026\/03\/WhatsApp-Image-2026-03-12-at-7.26.11-PM-200x300.jpeg 200w, https:\/\/revistasietediasmty.com\/wp-content\/uploads\/2026\/03\/WhatsApp-Image-2026-03-12-at-7.26.11-PM-768x1153.jpeg 768w, https:\/\/revistasietediasmty.com\/wp-content\/uploads\/2026\/03\/WhatsApp-Image-2026-03-12-at-7.26.11-PM-1023x1536.jpeg 1023w, https:\/\/revistasietediasmty.com\/wp-content\/uploads\/2026\/03\/WhatsApp-Image-2026-03-12-at-7.26.11-PM.jpeg 1066w\" sizes=\"auto, (max-width: 682px) 100vw, 682px\" \/><\/figure>\n<\/figure>\n","protected":false},"excerpt":{"rendered":"<p>Waldo Fern\u00e1ndez particip\u00f3 en el evento m\u00e1s importante del sector sider\u00fargico en M\u00e9xico El Senador Waldo Fern\u00e1ndez asisti\u00f3 como invitado de honor a la tradicional comida de clausura de los trabajos de la 78\u00aa Asamblea General Ordinaria de la C\u00e1mara Nacional de la Industria del Hierro y del Acero (CANACERO), el evento m\u00e1s importante del [&hellip;]<\/p>\n","protected":false},"author":1,"featured_media":14938,"comment_status":"open","ping_status":"open","sticky":true,"template":"","format":"standard","meta":{"footnotes":""},"categories":[11,6,8],"tags":[],"class_list":["post-14937","post","type-post","status-publish","format-standard","has-post-thumbnail","hentry","category-importante","category-nacional","category-relevante"],"_links":{"self":[{"href":"https:\/\/revistasietediasmty.com\/index.php?rest_route=\/wp\/v2\/posts\/14937","targetHints":{"allow":["GET"]}}],"collection":[{"href":"https:\/\/revistasietediasmty.com\/index.php?rest_route=\/wp\/v2\/posts"}],"about":[{"href":"https:\/\/revistasietediasmty.com\/index.php?rest_route=\/wp\/v2\/types\/post"}],"author":[{"embeddable":true,"href":"https:\/\/revistasietediasmty.com\/index.php?rest_route=\/wp\/v2\/users\/1"}],"replies":[{"embeddable":true,"href":"https:\/\/revistasietediasmty.com\/index.php?rest_route=%2Fwp%2Fv2%2Fcomments&post=14937"}],"version-history":[{"count":1,"href":"https:\/\/revistasietediasmty.com\/index.php?rest_route=\/wp\/v2\/posts\/14937\/revisions"}],"predecessor-version":[{"id":14943,"href":"https:\/\/revistasietediasmty.com\/index.php?rest_route=\/wp\/v2\/posts\/14937\/revisions\/14943"}],"wp:featuredmedia":[{"embeddable":true,"href":"https:\/\/revistasietediasmty.com\/index.php?rest_route=\/wp\/v2\/media\/14938"}],"wp:attachment":[{"href":"https:\/\/revistasietediasmty.com\/index.php?rest_route=%2Fwp%2Fv2%2Fmedia&parent=14937"}],"wp:term":[{"taxonomy":"category","embeddable":true,"href":"https:\/\/revistasietediasmty.com\/index.php?rest_route=%2Fwp%2Fv2%2Fcategories&post=14937"},{"taxonomy":"post_tag","embeddable":true,"href":"https:\/\/revistasietediasmty.com\/index.php?rest_route=%2Fwp%2Fv2%2Ftags&post=14937"}],"curies":[{"name":"wp","href":"https:\/\/api.w.org\/{rel}","templated":true}]}}