{"id":13661,"date":"2025-09-17T21:18:00","date_gmt":"2025-09-18T03:18:00","guid":{"rendered":"https:\/\/revistasietediasmty.com\/?p=13661"},"modified":"2025-09-18T09:28:18","modified_gmt":"2025-09-18T15:28:18","slug":"femsa-anuncia-plan-de-sucesion-en-su-direccion-general","status":"publish","type":"post","link":"https:\/\/revistasietediasmty.com\/?p=13661","title":{"rendered":"FEMSA Anuncia Plan de Sucesi\u00f3n en su Direcci\u00f3n General"},"content":{"rendered":"\n<ul class=\"wp-block-list\">\n<li>Jose Antonio Fern\u00e1ndez Garza-Lag\u00fcera asumir\u00e1 el cargo<\/li>\n<\/ul>\n\n\n\n<p><strong>\u00a0<\/strong>Fomento Econ\u00f3mico Mexicano, S.A.B. de C.V. (\u201cFEMSA\u201d o la \u201cCompa\u00f1\u00eda\u201d) (NYSE: FMX; BMV: FEMSAUBD) anuncia el d\u00eda de hoy que con base en su proceso de planeaci\u00f3n de sucesi\u00f3n de liderazgo, y consistente con el plan detallado en el comunicado de prensa del Cuarto Trimestre y A\u00f1o Completo 2024, de fecha 27 de febrero de 2025, su Consejo de Administraci\u00f3n ha designado a Jose Antonio Fern\u00e1ndez Garza-Lag\u00fcera, actualmente Director General de FEMSA Proximidad &amp; Salud, para el cargo de Director General de FEMSA a partir del 1\u00ba de noviembre de 2025.<\/p>\n\n\n\n<p>Como hemos comunicado anteriormente, a mediados de 2024 el Comit\u00e9 de Pr\u00e1cticas Societarias y Nominaciones del Consejo de Administraci\u00f3n de FEMSA (\u201cCPSN\u201d) dise\u00f1\u00f3 e implement\u00f3 un plan para el proceso de sucesi\u00f3n de la Direcci\u00f3n General.&nbsp; Este Comit\u00e9 recomend\u00f3 la creaci\u00f3n de un Comit\u00e9 Especial del Consejo para conducir este importante proceso durante este a\u00f1o.&nbsp; El Comit\u00e9 Especial fue presidido por Ricardo Sald\u00edvar Escajadillo, Presidente del CPSN, e integrado por todos los dem\u00e1s miembros del CPSN y por tres consejeros independientes m\u00e1s. Una vez concluida su evaluaci\u00f3n, el Comit\u00e9 Especial emiti\u00f3 su recomendaci\u00f3n, la cual fue aprobada por el Consejo de Administraci\u00f3n de FEMSA.&nbsp; En el dise\u00f1o de este proceso, como en las anteriores designaciones de Direcci\u00f3n General, hemos seguido las mejores pr\u00e1cticas corporativas en este tipo de asuntos, incluido el apoyo de una firma internacional con amplia experiencia en procesos de esta naturaleza, adem\u00e1s de asesores en distintas especialidades.<\/p>\n\n\n\n<p>Jose Antonio ingres\u00f3 a Cervecer\u00eda Cuauht\u00e9moc Moctezuma Heineken en 2011 como Gerente de Ventas y Operaciones.&nbsp; A partir de ah\u00ed, fue ascendiendo mediante varios roles gerenciales a trav\u00e9s de las unidades de negocio de FEMSA, incluyendo como Director de Planeaci\u00f3n Estrat\u00e9gica en OXXO y FEMSA Comercio, as\u00ed como Director General de la divisi\u00f3n de Pl\u00e1sticos de FEMSA, Director General de Coca-Cola FEMSA Centroam\u00e9rica, Director General de Spin, y su posici\u00f3n actual como Director General de FEMSA Proximidad &amp; Salud.&nbsp; En este rol, Jose Antonio encabeza un equipo de m\u00e1s de 180,000 colaboradores y tiene responsabilidad por una operaci\u00f3n que comprende m\u00e1s de 28,000 tiendas de proximidad en 11 pa\u00edses en las Am\u00e9ricas y Europa, m\u00e1s de 4,300 farmacias en cuatro mercados de Latinoam\u00e9rica, y m\u00e1s de 550 estaciones de combustible en M\u00e9xico. Jose Antonio es Ingeniero Industrial por el Tecnol\u00f3gico de Monterrey, y cuenta con un MBA de Stanford Graduate School of Business.<\/p>\n\n\n\n<p>Con su enfoque estrat\u00e9gico y su estilo de liderazgo asertivo y orientado a resultados, Jose Antonio guiar\u00e1 a FEMSA a una nueva etapa de generaci\u00f3n de valor econ\u00f3mico y social, con un fuerte impulso en el crecimiento, la innovaci\u00f3n, y la sostenibilidad, y con un enfoque continuo en el desarrollo del personal de FEMSA, sus familias, y las comunidades donde opera la Compa\u00f1\u00eda.<\/p>\n\n\n\n<p>Jose Antonio Fern\u00e1ndez Carbajal, Presidente Ejecutivo del Consejo de FEMSA y Director General interino desde julio de 2023, continuar\u00e1 en su posici\u00f3n de Presidente Ejecutivo.&nbsp; El Consejo de Administraci\u00f3n expresa su gratitud m\u00e1s sincera a Jose Antonio por su liderazgo y dedicaci\u00f3n al desempe\u00f1ar ambos roles durante este periodo de transici\u00f3n.<\/p>\n","protected":false},"excerpt":{"rendered":"<p>\u00a0Fomento Econ\u00f3mico Mexicano, S.A.B. de C.V. (\u201cFEMSA\u201d o la \u201cCompa\u00f1\u00eda\u201d) (NYSE: FMX; BMV: FEMSAUBD) anuncia el d\u00eda de hoy que con base en su proceso de planeaci\u00f3n de sucesi\u00f3n de liderazgo, y consistente con el plan detallado en el comunicado de prensa del Cuarto Trimestre y A\u00f1o Completo 2024, de fecha 27 de febrero de [&hellip;]<\/p>\n","protected":false},"author":1,"featured_media":13662,"comment_status":"open","ping_status":"open","sticky":true,"template":"","format":"standard","meta":{"footnotes":""},"categories":[12,11,16,9,8],"tags":[],"class_list":["post-13661","post","type-post","status-publish","format-standard","has-post-thumbnail","hentry","category-empresa","category-importante","category-local","category-nuevo-leon","category-relevante"],"_links":{"self":[{"href":"https:\/\/revistasietediasmty.com\/index.php?rest_route=\/wp\/v2\/posts\/13661","targetHints":{"allow":["GET"]}}],"collection":[{"href":"https:\/\/revistasietediasmty.com\/index.php?rest_route=\/wp\/v2\/posts"}],"about":[{"href":"https:\/\/revistasietediasmty.com\/index.php?rest_route=\/wp\/v2\/types\/post"}],"author":[{"embeddable":true,"href":"https:\/\/revistasietediasmty.com\/index.php?rest_route=\/wp\/v2\/users\/1"}],"replies":[{"embeddable":true,"href":"https:\/\/revistasietediasmty.com\/index.php?rest_route=%2Fwp%2Fv2%2Fcomments&post=13661"}],"version-history":[{"count":1,"href":"https:\/\/revistasietediasmty.com\/index.php?rest_route=\/wp\/v2\/posts\/13661\/revisions"}],"predecessor-version":[{"id":13663,"href":"https:\/\/revistasietediasmty.com\/index.php?rest_route=\/wp\/v2\/posts\/13661\/revisions\/13663"}],"wp:featuredmedia":[{"embeddable":true,"href":"https:\/\/revistasietediasmty.com\/index.php?rest_route=\/wp\/v2\/media\/13662"}],"wp:attachment":[{"href":"https:\/\/revistasietediasmty.com\/index.php?rest_route=%2Fwp%2Fv2%2Fmedia&parent=13661"}],"wp:term":[{"taxonomy":"category","embeddable":true,"href":"https:\/\/revistasietediasmty.com\/index.php?rest_route=%2Fwp%2Fv2%2Fcategories&post=13661"},{"taxonomy":"post_tag","embeddable":true,"href":"https:\/\/revistasietediasmty.com\/index.php?rest_route=%2Fwp%2Fv2%2Ftags&post=13661"}],"curies":[{"name":"wp","href":"https:\/\/api.w.org\/{rel}","templated":true}]}}